{"id":1249,"date":"2024-05-01T22:09:55","date_gmt":"2024-05-01T20:09:55","guid":{"rendered":"https:\/\/pipers.lu\/?p=1249"},"modified":"2024-05-01T22:11:16","modified_gmt":"2024-05-01T20:11:16","slug":"1-mee-2024","status":"publish","type":"post","link":"https:\/\/pipers.lu\/index.php\/2024\/05\/01\/1-mee-2024\/","title":{"rendered":"1. Mai 2024"},"content":{"rendered":"\n<div class=\"wp-block-media-text alignwide is-stacked-on-mobile\"><figure class=\"wp-block-media-text__media\"><img loading=\"lazy\" decoding=\"async\" width=\"1024\" height=\"683\" src=\"https:\/\/pipers.lu\/wp-content\/uploads\/2024\/05\/5W6A6827-1024x683.jpg\" alt=\"\" class=\"wp-image-1254 size-full\" srcset=\"https:\/\/pipers.lu\/wp-content\/uploads\/2024\/05\/5W6A6827-1024x683.jpg 1024w, https:\/\/pipers.lu\/wp-content\/uploads\/2024\/05\/5W6A6827-300x200.jpg 300w, https:\/\/pipers.lu\/wp-content\/uploads\/2024\/05\/5W6A6827-768x512.jpg 768w, https:\/\/pipers.lu\/wp-content\/uploads\/2024\/05\/5W6A6827-1536x1024.jpg 1536w, https:\/\/pipers.lu\/wp-content\/uploads\/2024\/05\/5W6A6827-1568x1046.jpg 1568w, https:\/\/pipers.lu\/wp-content\/uploads\/2024\/05\/5W6A6827.jpg 1600w\" sizes=\"auto, (max-width: 1024px) 100vw, 1024px\" \/><\/figure><div class=\"wp-block-media-text__content\">\n<p class=\"has-large-font-size\">In Grevenmacher werden Traditionen gro\u00df geschrieben! Deshalb waren wir auch dieses Jahr wieder, gemeinsam mit den Kollegen der Feuerwehr und der Harmonie Municipale am 1. Mai im Wald, um unseren traditionellen Maikranz zu binden!<\/p>\n<\/div><\/div>\n\n\n\n<div class=\"wp-block-media-text alignwide has-media-on-the-right is-stacked-on-mobile\"><div class=\"wp-block-media-text__content\">\n<p class=\"has-large-font-size\">Im Anschluss f\u00fchrte uns ein kleiner Umzug durch unsere Stadt zum Caf\u00e9 New Rive Gauche, der an dem Tag sein 20-j\u00e4hriges Bestehen feierte. Wir nutzten die Gelegenheit, dem Inhaber &#8220;Fl\u00ebpp&#8221; ein kleines Geschenk zu \u00fcberreichen und animierten den Rest des Tages die Zuschauer mit einem kleinen Konzert, inklusive Gesang.<\/p>\n<\/div><figure class=\"wp-block-media-text__media\"><img loading=\"lazy\" decoding=\"async\" width=\"1024\" height=\"683\" src=\"https:\/\/pipers.lu\/wp-content\/uploads\/2024\/05\/5W6A6925-1024x683.jpg\" alt=\"\" class=\"wp-image-1255 size-full\" srcset=\"https:\/\/pipers.lu\/wp-content\/uploads\/2024\/05\/5W6A6925-1024x683.jpg 1024w, https:\/\/pipers.lu\/wp-content\/uploads\/2024\/05\/5W6A6925-300x200.jpg 300w, https:\/\/pipers.lu\/wp-content\/uploads\/2024\/05\/5W6A6925-768x512.jpg 768w, https:\/\/pipers.lu\/wp-content\/uploads\/2024\/05\/5W6A6925-1536x1024.jpg 1536w, https:\/\/pipers.lu\/wp-content\/uploads\/2024\/05\/5W6A6925-1568x1046.jpg 1568w, https:\/\/pipers.lu\/wp-content\/uploads\/2024\/05\/5W6A6925.jpg 1600w\" sizes=\"auto, (max-width: 1024px) 100vw, 1024px\" \/><\/figure><\/div>\n\n\n\n<div class=\"wp-block-buttons alignwide is-content-justification-center is-layout-flex wp-container-core-buttons-is-layout-8057eaf3 wp-block-buttons-is-layout-flex\">\n<div class=\"wp-block-button has-custom-width wp-block-button__width-50\"><a class=\"wp-block-button__link has-text-align-center wp-element-button\" href=\"https:\/\/pipers.lu\/index.php\/2024\/05\/01\/1-mee-2024-gallery\/\">Zu den Bildern<\/a><\/div>\n<\/div>\n","protected":false},"excerpt":{"rendered":"<p>In Grevenmacher werden Traditionen gro\u00df geschrieben! Deshalb waren wir auch dieses Jahr wieder, gemeinsam mit den Kollegen der Feuerwehr und der Harmonie Municipale am 1. Mai im Wald, um unseren<a class=\"more-link\" href=\"https:\/\/pipers.lu\/index.php\/2024\/05\/01\/1-mee-2024\/\">Continue reading <span class=\"screen-reader-text\">&#8220;1. Mai 2024&#8221;<\/span><\/a><\/p>\n","protected":false},"author":1,"featured_media":0,"comment_status":"closed","ping_status":"closed","sticky":false,"template":"","format":"standard","meta":{"_EventAllDay":false,"_EventTimezone":"","_EventStartDate":"","_EventEndDate":"","_EventStartDateUTC":"","_EventEndDateUTC":"","_EventShowMap":false,"_EventShowMapLink":false,"_EventURL":"","_EventCost":"","_EventCostDescription":"","_EventCurrencySymbol":"","_EventCurrencyCode":"","_EventCurrencyPosition":"","_EventDateTimeSeparator":"","_EventTimeRangeSeparator":"","_EventOrganizerID":[],"_EventVenueID":[],"_OrganizerEmail":"","_OrganizerPhone":"","_OrganizerWebsite":"","_VenueAddress":"","_VenueCity":"","_VenueCountry":"","_VenueProvince":"","_VenueState":"","_VenueZip":"","_VenuePhone":"","_VenueURL":"","_VenueStateProvince":"","_VenueLat":"","_VenueLng":"","_VenueShowMap":false,"_VenueShowMapLink":false,"footnotes":""},"categories":[6],"tags":[],"class_list":["post-1249","post","type-post","status-publish","format-standard","hentry","category-news","entry"],"_links":{"self":[{"href":"https:\/\/pipers.lu\/index.php\/wp-json\/wp\/v2\/posts\/1249","targetHints":{"allow":["GET"]}}],"collection":[{"href":"https:\/\/pipers.lu\/index.php\/wp-json\/wp\/v2\/posts"}],"about":[{"href":"https:\/\/pipers.lu\/index.php\/wp-json\/wp\/v2\/types\/post"}],"author":[{"embeddable":true,"href":"https:\/\/pipers.lu\/index.php\/wp-json\/wp\/v2\/users\/1"}],"replies":[{"embeddable":true,"href":"https:\/\/pipers.lu\/index.php\/wp-json\/wp\/v2\/comments?post=1249"}],"version-history":[{"count":4,"href":"https:\/\/pipers.lu\/index.php\/wp-json\/wp\/v2\/posts\/1249\/revisions"}],"predecessor-version":[{"id":1301,"href":"https:\/\/pipers.lu\/index.php\/wp-json\/wp\/v2\/posts\/1249\/revisions\/1301"}],"wp:attachment":[{"href":"https:\/\/pipers.lu\/index.php\/wp-json\/wp\/v2\/media?parent=1249"}],"wp:term":[{"taxonomy":"category","embeddable":true,"href":"https:\/\/pipers.lu\/index.php\/wp-json\/wp\/v2\/categories?post=1249"},{"taxonomy":"post_tag","embeddable":true,"href":"https:\/\/pipers.lu\/index.php\/wp-json\/wp\/v2\/tags?post=1249"}],"curies":[{"name":"wp","href":"https:\/\/api.w.org\/{rel}","templated":true}]}}